{"id":6526,"date":"2023-06-07T11:56:17","date_gmt":"2023-06-07T11:56:17","guid":{"rendered":"https:\/\/castelldencus.com\/?p=6526"},"modified":"2023-07-17T09:01:05","modified_gmt":"2023-07-17T09:01:05","slug":"fira-talarn","status":"publish","type":"post","link":"https:\/\/castelldencus.com\/es\/eventos\/fira-talarn\/","title":{"rendered":"11a Fira Talarn"},"content":{"rendered":"<p>[et_pb_section fb_built=&#8221;1&#8243; module_class=&#8221;box_azul_esdeveniments proxims-esdeveniments&#8221; _builder_version=&#8221;4.17.6&#8243; _module_preset=&#8221;default&#8221; custom_padding=&#8221;||||false|false&#8221; global_colors_info=&#8221;{}&#8221;][et_pb_row column_structure=&#8221;1_2,1_2&#8243; module_class=&#8221;box_verde_esdeveniments&#8221; _builder_version=&#8221;4.17.6&#8243; _module_preset=&#8221;default&#8221; width=&#8221;100%&#8221; max_width=&#8221;100%&#8221; custom_padding=&#8221;0px||0px||false|false&#8221; global_colors_info=&#8221;{}&#8221;][et_pb_column type=&#8221;1_2&#8243; _builder_version=&#8221;4.17.6&#8243; _module_preset=&#8221;default&#8221; global_colors_info=&#8221;{}&#8221;][et_pb_text admin_label=&#8221;Texto &#8211; Una oportunitat \u00fanica&#8230;&#8221; _builder_version=&#8221;4.20.0&#8243; _module_preset=&#8221;default&#8221; hover_enabled=&#8221;0&#8243; global_colors_info=&#8221;{}&#8221; sticky_enabled=&#8221;0&#8243;]<\/p>\n<h2 style=\"color: #bba76a;\">11a Fira de Vi del Pirineu<\/h2>\n<p>Este s\u00e1bado se celebra la 11a Fira del Vino del Pirineo, en Talarn.<\/p>\n<p>Podremos disfrutar de los vinos de las bodegas del Pirineo juntamente con los productos de productores y restauradores de proximidad.<\/p>\n<p>Fecha: 10.06.2023, empieza a las 18:30h<br \/>P\u00fablico: p\u00fablico<br \/>Lugar: Talarn<\/p>\n<p>Para m\u00e1s informaci\u00f3n sobre el resto de actividades programadas dentro el marco de la fira, consulta el web del <a href=\"https:\/\/www.talarn.cat\/actualitat\/noticies\/tot-a-punt-per-l11a-fira-de-vi-del-pirineu\" target=\"_blank\" rel=\"noopener\">Ayuntamiento de Talarn<\/a>.<\/p>\n<p>[\/et_pb_text][\/et_pb_column][et_pb_column type=&#8221;1_2&#8243; _builder_version=&#8221;4.17.6&#8243; _module_preset=&#8221;default&#8221; global_colors_info=&#8221;{}&#8221;][et_pb_text admin_label=&#8221;IMAGEN&#8221; _builder_version=&#8221;4.20.0&#8243; _module_preset=&#8221;default&#8221; global_colors_info=&#8221;{}&#8221;]<\/p>\n<p><img decoding=\"async\" class=\"wp-image-6534 size-medium\" src=\"https:\/\/castelldencus.com\/wp-content\/uploads\/2023\/06\/firavitalarn_0-300x300.jpg\" alt=\"Cartell 11a Fira del Vi del Pirineu a Talarn\" width=\"300\" height=\"300\" \/><\/p>\n<p>[\/et_pb_text][\/et_pb_column][\/et_pb_row][\/et_pb_section]<\/p>\n","protected":false},"excerpt":{"rendered":"<p>11a Fira de Vi del Pirineu Este s\u00e1bado se celebra la 11a Fira del Vino del Pirineo, en Talarn. Podremos disfrutar de los vinos de las bodegas del Pirineo juntamente con los productos de productores y restauradores de proximidad. Fecha: 10.06.2023, empieza a las 18:30hP\u00fablico: p\u00fablicoLugar: Talarn Para m\u00e1s informaci\u00f3n sobre el resto de actividades [&hellip;]<\/p>\n","protected":false},"author":8,"featured_media":0,"comment_status":"open","ping_status":"open","sticky":false,"template":"","format":"standard","meta":{"_et_pb_use_builder":"on","_et_pb_old_content":"","_et_gb_content_width":"","footnotes":""},"categories":[101],"tags":[],"class_list":["post-6526","post","type-post","status-publish","format-standard","hentry","category-eventos"],"yoast_head":"<!-- This site is optimized with the Yoast SEO plugin v27.2 - https:\/\/yoast.com\/product\/yoast-seo-wordpress\/ -->\n<title>11a Fira Talarn - Castell d\u2019Encus<\/title>\n<meta name=\"robots\" content=\"index, follow, max-snippet:-1, max-image-preview:large, max-video-preview:-1\" \/>\n<link rel=\"canonical\" href=\"https:\/\/castelldencus.com\/es\/eventos\/fira-talarn\/\" \/>\n<meta property=\"og:locale\" content=\"es_ES\" \/>\n<meta property=\"og:type\" content=\"article\" \/>\n<meta property=\"og:title\" content=\"11a Fira Talarn - Castell d\u2019Encus\" \/>\n<meta property=\"og:description\" content=\"11a Fira de Vi del Pirineu Este s\u00e1bado se celebra la 11a Fira del Vino del Pirineo, en Talarn. Podremos disfrutar de los vinos de las bodegas del Pirineo juntamente con los productos de productores y restauradores de proximidad. Fecha: 10.06.2023, empieza a las 18:30hP\u00fablico: p\u00fablicoLugar: Talarn Para m\u00e1s informaci\u00f3n sobre el resto de actividades [&hellip;]\" \/>\n<meta property=\"og:url\" content=\"https:\/\/castelldencus.com\/es\/eventos\/fira-talarn\/\" \/>\n<meta property=\"og:site_name\" content=\"Castell d\u2019Encus\" \/>\n<meta property=\"article:published_time\" content=\"2023-06-07T11:56:17+00:00\" \/>\n<meta property=\"article:modified_time\" content=\"2023-07-17T09:01:05+00:00\" \/>\n<meta property=\"og:image\" content=\"https:\/\/castelldencus.com\/wp-content\/uploads\/2023\/06\/firavitalarn_0-300x300.jpg\" \/>\n<meta name=\"author\" content=\"Castell d&#039;Encus\" \/>\n<meta name=\"twitter:card\" content=\"summary_large_image\" \/>\n<meta name=\"twitter:label1\" content=\"Escrito por\" \/>\n\t<meta name=\"twitter:data1\" content=\"Castell d&#039;Encus\" \/>\n\t<meta name=\"twitter:label2\" content=\"Tiempo de lectura\" \/>\n\t<meta name=\"twitter:data2\" content=\"1 minuto\" \/>\n<script type=\"application\/ld+json\" class=\"yoast-schema-graph\">{\"@context\":\"https:\/\/schema.org\",\"@graph\":[{\"@type\":\"Article\",\"@id\":\"https:\/\/castelldencus.com\/es\/eventos\/fira-talarn\/#article\",\"isPartOf\":{\"@id\":\"https:\/\/castelldencus.com\/es\/eventos\/fira-talarn\/\"},\"author\":{\"name\":\"Castell d'Encus\",\"@id\":\"https:\/\/castelldencus.com\/#\/schema\/person\/a078f7f720aebaa0ed6ab3f910860d85\"},\"headline\":\"11a Fira Talarn\",\"datePublished\":\"2023-06-07T11:56:17+00:00\",\"dateModified\":\"2023-07-17T09:01:05+00:00\",\"mainEntityOfPage\":{\"@id\":\"https:\/\/castelldencus.com\/es\/eventos\/fira-talarn\/\"},\"wordCount\":204,\"commentCount\":0,\"image\":{\"@id\":\"https:\/\/castelldencus.com\/es\/eventos\/fira-talarn\/#primaryimage\"},\"thumbnailUrl\":\"https:\/\/castelldencus.com\/wp-content\/uploads\/2023\/06\/firavitalarn_0-300x300.jpg\",\"articleSection\":[\"Eventos\"],\"inLanguage\":\"es\"},{\"@type\":\"WebPage\",\"@id\":\"https:\/\/castelldencus.com\/es\/eventos\/fira-talarn\/\",\"url\":\"https:\/\/castelldencus.com\/es\/eventos\/fira-talarn\/\",\"name\":\"11a Fira Talarn - Castell d\u2019Encus\",\"isPartOf\":{\"@id\":\"https:\/\/castelldencus.com\/#website\"},\"primaryImageOfPage\":{\"@id\":\"https:\/\/castelldencus.com\/es\/eventos\/fira-talarn\/#primaryimage\"},\"image\":{\"@id\":\"https:\/\/castelldencus.com\/es\/eventos\/fira-talarn\/#primaryimage\"},\"thumbnailUrl\":\"https:\/\/castelldencus.com\/wp-content\/uploads\/2023\/06\/firavitalarn_0-300x300.jpg\",\"datePublished\":\"2023-06-07T11:56:17+00:00\",\"dateModified\":\"2023-07-17T09:01:05+00:00\",\"author\":{\"@id\":\"https:\/\/castelldencus.com\/#\/schema\/person\/a078f7f720aebaa0ed6ab3f910860d85\"},\"breadcrumb\":{\"@id\":\"https:\/\/castelldencus.com\/es\/eventos\/fira-talarn\/#breadcrumb\"},\"inLanguage\":\"es\",\"potentialAction\":[{\"@type\":\"ReadAction\",\"target\":[\"https:\/\/castelldencus.com\/es\/eventos\/fira-talarn\/\"]}]},{\"@type\":\"ImageObject\",\"inLanguage\":\"es\",\"@id\":\"https:\/\/castelldencus.com\/es\/eventos\/fira-talarn\/#primaryimage\",\"url\":\"https:\/\/castelldencus.com\/wp-content\/uploads\/2023\/06\/firavitalarn_0-300x300.jpg\",\"contentUrl\":\"https:\/\/castelldencus.com\/wp-content\/uploads\/2023\/06\/firavitalarn_0-300x300.jpg\"},{\"@type\":\"BreadcrumbList\",\"@id\":\"https:\/\/castelldencus.com\/es\/eventos\/fira-talarn\/#breadcrumb\",\"itemListElement\":[{\"@type\":\"ListItem\",\"position\":1,\"name\":\"Home\",\"item\":\"https:\/\/castelldencus.com\/es\/\"},{\"@type\":\"ListItem\",\"position\":2,\"name\":\"11a Fira Talarn\"}]},{\"@type\":\"WebSite\",\"@id\":\"https:\/\/castelldencus.com\/#website\",\"url\":\"https:\/\/castelldencus.com\/\",\"name\":\"Castell d\u2019Encus\",\"description\":\"Celler | Castell d&#039;Encus | Catalunya\",\"potentialAction\":[{\"@type\":\"SearchAction\",\"target\":{\"@type\":\"EntryPoint\",\"urlTemplate\":\"https:\/\/castelldencus.com\/?s={search_term_string}\"},\"query-input\":{\"@type\":\"PropertyValueSpecification\",\"valueRequired\":true,\"valueName\":\"search_term_string\"}}],\"inLanguage\":\"es\"},{\"@type\":\"Person\",\"@id\":\"https:\/\/castelldencus.com\/#\/schema\/person\/a078f7f720aebaa0ed6ab3f910860d85\",\"name\":\"Castell d'Encus\",\"image\":{\"@type\":\"ImageObject\",\"inLanguage\":\"es\",\"@id\":\"https:\/\/secure.gravatar.com\/avatar\/d42e5b86b4c64e0ef9857509b45f0566059e684c9ab5b8f8f5733010f8f0611a?s=96&d=mm&r=g\",\"url\":\"https:\/\/secure.gravatar.com\/avatar\/d42e5b86b4c64e0ef9857509b45f0566059e684c9ab5b8f8f5733010f8f0611a?s=96&d=mm&r=g\",\"contentUrl\":\"https:\/\/secure.gravatar.com\/avatar\/d42e5b86b4c64e0ef9857509b45f0566059e684c9ab5b8f8f5733010f8f0611a?s=96&d=mm&r=g\",\"caption\":\"Castell d'Encus\"},\"url\":\"https:\/\/castelldencus.com\/es\/author\/castell_adm\/\"}]}<\/script>\n<!-- \/ Yoast SEO plugin. -->","yoast_head_json":{"title":"11a Fira Talarn - Castell d\u2019Encus","robots":{"index":"index","follow":"follow","max-snippet":"max-snippet:-1","max-image-preview":"max-image-preview:large","max-video-preview":"max-video-preview:-1"},"canonical":"https:\/\/castelldencus.com\/es\/eventos\/fira-talarn\/","og_locale":"es_ES","og_type":"article","og_title":"11a Fira Talarn - Castell d\u2019Encus","og_description":"11a Fira de Vi del Pirineu Este s\u00e1bado se celebra la 11a Fira del Vino del Pirineo, en Talarn. Podremos disfrutar de los vinos de las bodegas del Pirineo juntamente con los productos de productores y restauradores de proximidad. Fecha: 10.06.2023, empieza a las 18:30hP\u00fablico: p\u00fablicoLugar: Talarn Para m\u00e1s informaci\u00f3n sobre el resto de actividades [&hellip;]","og_url":"https:\/\/castelldencus.com\/es\/eventos\/fira-talarn\/","og_site_name":"Castell d\u2019Encus","article_published_time":"2023-06-07T11:56:17+00:00","article_modified_time":"2023-07-17T09:01:05+00:00","og_image":[{"url":"https:\/\/castelldencus.com\/wp-content\/uploads\/2023\/06\/firavitalarn_0-300x300.jpg","type":"","width":"","height":""}],"author":"Castell d'Encus","twitter_card":"summary_large_image","twitter_misc":{"Escrito por":"Castell d'Encus","Tiempo de lectura":"1 minuto"},"schema":{"@context":"https:\/\/schema.org","@graph":[{"@type":"Article","@id":"https:\/\/castelldencus.com\/es\/eventos\/fira-talarn\/#article","isPartOf":{"@id":"https:\/\/castelldencus.com\/es\/eventos\/fira-talarn\/"},"author":{"name":"Castell d'Encus","@id":"https:\/\/castelldencus.com\/#\/schema\/person\/a078f7f720aebaa0ed6ab3f910860d85"},"headline":"11a Fira Talarn","datePublished":"2023-06-07T11:56:17+00:00","dateModified":"2023-07-17T09:01:05+00:00","mainEntityOfPage":{"@id":"https:\/\/castelldencus.com\/es\/eventos\/fira-talarn\/"},"wordCount":204,"commentCount":0,"image":{"@id":"https:\/\/castelldencus.com\/es\/eventos\/fira-talarn\/#primaryimage"},"thumbnailUrl":"https:\/\/castelldencus.com\/wp-content\/uploads\/2023\/06\/firavitalarn_0-300x300.jpg","articleSection":["Eventos"],"inLanguage":"es"},{"@type":"WebPage","@id":"https:\/\/castelldencus.com\/es\/eventos\/fira-talarn\/","url":"https:\/\/castelldencus.com\/es\/eventos\/fira-talarn\/","name":"11a Fira Talarn - Castell d\u2019Encus","isPartOf":{"@id":"https:\/\/castelldencus.com\/#website"},"primaryImageOfPage":{"@id":"https:\/\/castelldencus.com\/es\/eventos\/fira-talarn\/#primaryimage"},"image":{"@id":"https:\/\/castelldencus.com\/es\/eventos\/fira-talarn\/#primaryimage"},"thumbnailUrl":"https:\/\/castelldencus.com\/wp-content\/uploads\/2023\/06\/firavitalarn_0-300x300.jpg","datePublished":"2023-06-07T11:56:17+00:00","dateModified":"2023-07-17T09:01:05+00:00","author":{"@id":"https:\/\/castelldencus.com\/#\/schema\/person\/a078f7f720aebaa0ed6ab3f910860d85"},"breadcrumb":{"@id":"https:\/\/castelldencus.com\/es\/eventos\/fira-talarn\/#breadcrumb"},"inLanguage":"es","potentialAction":[{"@type":"ReadAction","target":["https:\/\/castelldencus.com\/es\/eventos\/fira-talarn\/"]}]},{"@type":"ImageObject","inLanguage":"es","@id":"https:\/\/castelldencus.com\/es\/eventos\/fira-talarn\/#primaryimage","url":"https:\/\/castelldencus.com\/wp-content\/uploads\/2023\/06\/firavitalarn_0-300x300.jpg","contentUrl":"https:\/\/castelldencus.com\/wp-content\/uploads\/2023\/06\/firavitalarn_0-300x300.jpg"},{"@type":"BreadcrumbList","@id":"https:\/\/castelldencus.com\/es\/eventos\/fira-talarn\/#breadcrumb","itemListElement":[{"@type":"ListItem","position":1,"name":"Home","item":"https:\/\/castelldencus.com\/es\/"},{"@type":"ListItem","position":2,"name":"11a Fira Talarn"}]},{"@type":"WebSite","@id":"https:\/\/castelldencus.com\/#website","url":"https:\/\/castelldencus.com\/","name":"Castell d\u2019Encus","description":"Celler | Castell d&#039;Encus | Catalunya","potentialAction":[{"@type":"SearchAction","target":{"@type":"EntryPoint","urlTemplate":"https:\/\/castelldencus.com\/?s={search_term_string}"},"query-input":{"@type":"PropertyValueSpecification","valueRequired":true,"valueName":"search_term_string"}}],"inLanguage":"es"},{"@type":"Person","@id":"https:\/\/castelldencus.com\/#\/schema\/person\/a078f7f720aebaa0ed6ab3f910860d85","name":"Castell d'Encus","image":{"@type":"ImageObject","inLanguage":"es","@id":"https:\/\/secure.gravatar.com\/avatar\/d42e5b86b4c64e0ef9857509b45f0566059e684c9ab5b8f8f5733010f8f0611a?s=96&d=mm&r=g","url":"https:\/\/secure.gravatar.com\/avatar\/d42e5b86b4c64e0ef9857509b45f0566059e684c9ab5b8f8f5733010f8f0611a?s=96&d=mm&r=g","contentUrl":"https:\/\/secure.gravatar.com\/avatar\/d42e5b86b4c64e0ef9857509b45f0566059e684c9ab5b8f8f5733010f8f0611a?s=96&d=mm&r=g","caption":"Castell d'Encus"},"url":"https:\/\/castelldencus.com\/es\/author\/castell_adm\/"}]}},"rttpg_featured_image_url":null,"rttpg_author":{"display_name":"Castell d'Encus","author_link":"https:\/\/castelldencus.com\/es\/author\/castell_adm\/"},"rttpg_comment":0,"rttpg_category":"<a href=\"https:\/\/castelldencus.com\/es\/category\/eventos\/\" rel=\"category tag\">Eventos<\/a>","rttpg_excerpt":"11a Fira de Vi del Pirineu Este s\u00e1bado se celebra la 11a Fira del Vino del Pirineo, en Talarn. Podremos disfrutar de los vinos de las bodegas del Pirineo juntamente con los productos de productores y restauradores de proximidad. Fecha: 10.06.2023, empieza a las 18:30hP\u00fablico: p\u00fablicoLugar: Talarn Para m\u00e1s informaci\u00f3n sobre el resto de actividades&hellip;","_links":{"self":[{"href":"https:\/\/castelldencus.com\/es\/wp-json\/wp\/v2\/posts\/6526","targetHints":{"allow":["GET"]}}],"collection":[{"href":"https:\/\/castelldencus.com\/es\/wp-json\/wp\/v2\/posts"}],"about":[{"href":"https:\/\/castelldencus.com\/es\/wp-json\/wp\/v2\/types\/post"}],"author":[{"embeddable":true,"href":"https:\/\/castelldencus.com\/es\/wp-json\/wp\/v2\/users\/8"}],"replies":[{"embeddable":true,"href":"https:\/\/castelldencus.com\/es\/wp-json\/wp\/v2\/comments?post=6526"}],"version-history":[{"count":0,"href":"https:\/\/castelldencus.com\/es\/wp-json\/wp\/v2\/posts\/6526\/revisions"}],"wp:attachment":[{"href":"https:\/\/castelldencus.com\/es\/wp-json\/wp\/v2\/media?parent=6526"}],"wp:term":[{"taxonomy":"category","embeddable":true,"href":"https:\/\/castelldencus.com\/es\/wp-json\/wp\/v2\/categories?post=6526"},{"taxonomy":"post_tag","embeddable":true,"href":"https:\/\/castelldencus.com\/es\/wp-json\/wp\/v2\/tags?post=6526"}],"curies":[{"name":"wp","href":"https:\/\/api.w.org\/{rel}","templated":true}]}}