{"id":6395,"date":"2023-05-11T06:56:44","date_gmt":"2023-05-11T06:56:44","guid":{"rendered":"https:\/\/castelldencus.com\/?p=6395"},"modified":"2023-05-26T08:22:17","modified_gmt":"2023-05-26T08:22:17","slug":"raulbobet-naturabisse","status":"publish","type":"post","link":"https:\/\/castelldencus.com\/es\/eventos\/raulbobet-naturabisse\/","title":{"rendered":"Ra\u00fcl Bobet &#038; Natura Biss\u00e9"},"content":{"rendered":"<p>[et_pb_section fb_built=&#8221;1&#8243; module_class=&#8221;box_azul_esdeveniments proxims-esdeveniments&#8221; _builder_version=&#8221;4.17.6&#8243; _module_preset=&#8221;default&#8221; custom_padding=&#8221;||||false|false&#8221; global_colors_info=&#8221;{}&#8221;][et_pb_row column_structure=&#8221;1_2,1_2&#8243; module_class=&#8221;box_verde_esdeveniments&#8221; _builder_version=&#8221;4.17.6&#8243; _module_preset=&#8221;default&#8221; width=&#8221;100%&#8221; max_width=&#8221;100%&#8221; custom_padding=&#8221;0px||0px||false|false&#8221; global_colors_info=&#8221;{}&#8221;][et_pb_column type=&#8221;1_2&#8243; _builder_version=&#8221;4.17.6&#8243; _module_preset=&#8221;default&#8221; global_colors_info=&#8221;{}&#8221;][et_pb_text admin_label=&#8221;Texto &#8211; Una oportunitat \u00fanica&#8230;&#8221; _builder_version=&#8221;4.20.0&#8243; _module_preset=&#8221;default&#8221; hover_enabled=&#8221;0&#8243; global_colors_info=&#8221;{}&#8221; sticky_enabled=&#8221;0&#8243;]<\/p>\n<h2 style=\"color: #bba76a;\">Ra\u00fcl Bobet &amp; Natura Biss\u00e9<\/h2>\n<p>Presentaci\u00f3n y cata de la mano de Ra\u00fcl Bobet dentrp de la actividad &#8220;A MOMENT OF JOY: Beauty &amp; Wine Experience&#8221; organizada por Natura Biss\u00e9. Se realizar\u00e0 una cata de tres vinos de Castell d&#8217;Encus donde se prestar\u00e1 especial atenci\u00f3n al espectro arom\u00e1tico de los vinos.<\/p>\n<p>Fecha: 15.05.2023<br \/>P\u00fablico: privado<br \/>Lugar: Hotel Majestic (Pg. de Gr\u00e0cia, 68, 08007 Barcelona)<\/p>\n<p>[\/et_pb_text][\/et_pb_column][et_pb_column type=&#8221;1_2&#8243; _builder_version=&#8221;4.17.6&#8243; _module_preset=&#8221;default&#8221; global_colors_info=&#8221;{}&#8221;][et_pb_text admin_label=&#8221;IMAGEN&#8221; _builder_version=&#8221;4.20.0&#8243; _module_preset=&#8221;default&#8221; hover_enabled=&#8221;0&#8243; global_colors_info=&#8221;{}&#8221; sticky_enabled=&#8221;0&#8243;]<\/p>\n<p><img decoding=\"async\" class=\"alignnone wp-image-6400 size-medium\" src=\"https:\/\/castelldencus.com\/wp-content\/uploads\/2023\/05\/natura-bisse-300x80.png\" alt=\"logo Natura Biss\u00e9\" width=\"300\" height=\"80\" \/><\/p>\n<p>[\/et_pb_text][\/et_pb_column][\/et_pb_row][\/et_pb_section]<\/p>\n","protected":false},"excerpt":{"rendered":"<p>Ra\u00fcl Bobet &amp; Natura Biss\u00e9 Presentaci\u00f3n y cata de la mano de Ra\u00fcl Bobet dentrp de la actividad &#8220;A MOMENT OF JOY: Beauty &amp; Wine Experience&#8221; organizada por Natura Biss\u00e9. Se realizar\u00e0 una cata de tres vinos de Castell d&#8217;Encus donde se prestar\u00e1 especial atenci\u00f3n al espectro arom\u00e1tico de los vinos. Fecha: 15.05.2023P\u00fablico: privadoLugar: Hotel [&hellip;]<\/p>\n","protected":false},"author":8,"featured_media":0,"comment_status":"open","ping_status":"open","sticky":false,"template":"","format":"standard","meta":{"_et_pb_use_builder":"on","_et_pb_old_content":"","_et_gb_content_width":"","footnotes":""},"categories":[101],"tags":[],"class_list":["post-6395","post","type-post","status-publish","format-standard","hentry","category-eventos"],"yoast_head":"<!-- This site is optimized with the Yoast SEO plugin v27.2 - https:\/\/yoast.com\/product\/yoast-seo-wordpress\/ -->\n<title>Ra\u00fcl Bobet &#038; Natura Biss\u00e9 - Castell d\u2019Encus<\/title>\n<meta name=\"robots\" content=\"index, follow, max-snippet:-1, max-image-preview:large, max-video-preview:-1\" \/>\n<link rel=\"canonical\" href=\"https:\/\/castelldencus.com\/es\/eventos\/raulbobet-naturabisse\/\" \/>\n<meta property=\"og:locale\" content=\"es_ES\" \/>\n<meta property=\"og:type\" content=\"article\" \/>\n<meta property=\"og:title\" content=\"Ra\u00fcl Bobet &#038; Natura Biss\u00e9 - Castell d\u2019Encus\" \/>\n<meta property=\"og:description\" content=\"Ra\u00fcl Bobet &amp; Natura Biss\u00e9 Presentaci\u00f3n y cata de la mano de Ra\u00fcl Bobet dentrp de la actividad &quot;A MOMENT OF JOY: Beauty &amp; Wine Experience&quot; organizada por Natura Biss\u00e9. Se realizar\u00e0 una cata de tres vinos de Castell d&#039;Encus donde se prestar\u00e1 especial atenci\u00f3n al espectro arom\u00e1tico de los vinos. Fecha: 15.05.2023P\u00fablico: privadoLugar: Hotel [&hellip;]\" \/>\n<meta property=\"og:url\" content=\"https:\/\/castelldencus.com\/es\/eventos\/raulbobet-naturabisse\/\" \/>\n<meta property=\"og:site_name\" content=\"Castell d\u2019Encus\" \/>\n<meta property=\"article:published_time\" content=\"2023-05-11T06:56:44+00:00\" \/>\n<meta property=\"article:modified_time\" content=\"2023-05-26T08:22:17+00:00\" \/>\n<meta property=\"og:image\" content=\"https:\/\/castelldencus.com\/wp-content\/uploads\/2023\/05\/natura-bisse-300x80.png\" \/>\n<meta name=\"author\" content=\"Castell d&#039;Encus\" \/>\n<meta name=\"twitter:card\" content=\"summary_large_image\" \/>\n<meta name=\"twitter:label1\" content=\"Escrito por\" \/>\n\t<meta name=\"twitter:data1\" content=\"Castell d&#039;Encus\" \/>\n\t<meta name=\"twitter:label2\" content=\"Tiempo de lectura\" \/>\n\t<meta name=\"twitter:data2\" content=\"1 minuto\" \/>\n<script type=\"application\/ld+json\" class=\"yoast-schema-graph\">{\"@context\":\"https:\/\/schema.org\",\"@graph\":[{\"@type\":\"Article\",\"@id\":\"https:\/\/castelldencus.com\/es\/eventos\/raulbobet-naturabisse\/#article\",\"isPartOf\":{\"@id\":\"https:\/\/castelldencus.com\/es\/eventos\/raulbobet-naturabisse\/\"},\"author\":{\"name\":\"Castell d'Encus\",\"@id\":\"https:\/\/castelldencus.com\/#\/schema\/person\/a078f7f720aebaa0ed6ab3f910860d85\"},\"headline\":\"Ra\u00fcl Bobet &#038; Natura Biss\u00e9\",\"datePublished\":\"2023-05-11T06:56:44+00:00\",\"dateModified\":\"2023-05-26T08:22:17+00:00\",\"mainEntityOfPage\":{\"@id\":\"https:\/\/castelldencus.com\/es\/eventos\/raulbobet-naturabisse\/\"},\"wordCount\":205,\"commentCount\":0,\"image\":{\"@id\":\"https:\/\/castelldencus.com\/es\/eventos\/raulbobet-naturabisse\/#primaryimage\"},\"thumbnailUrl\":\"https:\/\/castelldencus.com\/wp-content\/uploads\/2023\/05\/natura-bisse-300x80.png\",\"articleSection\":[\"Eventos\"],\"inLanguage\":\"es\"},{\"@type\":\"WebPage\",\"@id\":\"https:\/\/castelldencus.com\/es\/eventos\/raulbobet-naturabisse\/\",\"url\":\"https:\/\/castelldencus.com\/es\/eventos\/raulbobet-naturabisse\/\",\"name\":\"Ra\u00fcl Bobet &#038; Natura Biss\u00e9 - Castell d\u2019Encus\",\"isPartOf\":{\"@id\":\"https:\/\/castelldencus.com\/#website\"},\"primaryImageOfPage\":{\"@id\":\"https:\/\/castelldencus.com\/es\/eventos\/raulbobet-naturabisse\/#primaryimage\"},\"image\":{\"@id\":\"https:\/\/castelldencus.com\/es\/eventos\/raulbobet-naturabisse\/#primaryimage\"},\"thumbnailUrl\":\"https:\/\/castelldencus.com\/wp-content\/uploads\/2023\/05\/natura-bisse-300x80.png\",\"datePublished\":\"2023-05-11T06:56:44+00:00\",\"dateModified\":\"2023-05-26T08:22:17+00:00\",\"author\":{\"@id\":\"https:\/\/castelldencus.com\/#\/schema\/person\/a078f7f720aebaa0ed6ab3f910860d85\"},\"breadcrumb\":{\"@id\":\"https:\/\/castelldencus.com\/es\/eventos\/raulbobet-naturabisse\/#breadcrumb\"},\"inLanguage\":\"es\",\"potentialAction\":[{\"@type\":\"ReadAction\",\"target\":[\"https:\/\/castelldencus.com\/es\/eventos\/raulbobet-naturabisse\/\"]}]},{\"@type\":\"ImageObject\",\"inLanguage\":\"es\",\"@id\":\"https:\/\/castelldencus.com\/es\/eventos\/raulbobet-naturabisse\/#primaryimage\",\"url\":\"https:\/\/castelldencus.com\/wp-content\/uploads\/2023\/05\/natura-bisse-300x80.png\",\"contentUrl\":\"https:\/\/castelldencus.com\/wp-content\/uploads\/2023\/05\/natura-bisse-300x80.png\"},{\"@type\":\"BreadcrumbList\",\"@id\":\"https:\/\/castelldencus.com\/es\/eventos\/raulbobet-naturabisse\/#breadcrumb\",\"itemListElement\":[{\"@type\":\"ListItem\",\"position\":1,\"name\":\"Home\",\"item\":\"https:\/\/castelldencus.com\/es\/\"},{\"@type\":\"ListItem\",\"position\":2,\"name\":\"Ra\u00fcl Bobet &#038; Natura Biss\u00e9\"}]},{\"@type\":\"WebSite\",\"@id\":\"https:\/\/castelldencus.com\/#website\",\"url\":\"https:\/\/castelldencus.com\/\",\"name\":\"Castell d\u2019Encus\",\"description\":\"Celler | Castell d&#039;Encus | Catalunya\",\"potentialAction\":[{\"@type\":\"SearchAction\",\"target\":{\"@type\":\"EntryPoint\",\"urlTemplate\":\"https:\/\/castelldencus.com\/?s={search_term_string}\"},\"query-input\":{\"@type\":\"PropertyValueSpecification\",\"valueRequired\":true,\"valueName\":\"search_term_string\"}}],\"inLanguage\":\"es\"},{\"@type\":\"Person\",\"@id\":\"https:\/\/castelldencus.com\/#\/schema\/person\/a078f7f720aebaa0ed6ab3f910860d85\",\"name\":\"Castell d'Encus\",\"image\":{\"@type\":\"ImageObject\",\"inLanguage\":\"es\",\"@id\":\"https:\/\/secure.gravatar.com\/avatar\/d42e5b86b4c64e0ef9857509b45f0566059e684c9ab5b8f8f5733010f8f0611a?s=96&d=mm&r=g\",\"url\":\"https:\/\/secure.gravatar.com\/avatar\/d42e5b86b4c64e0ef9857509b45f0566059e684c9ab5b8f8f5733010f8f0611a?s=96&d=mm&r=g\",\"contentUrl\":\"https:\/\/secure.gravatar.com\/avatar\/d42e5b86b4c64e0ef9857509b45f0566059e684c9ab5b8f8f5733010f8f0611a?s=96&d=mm&r=g\",\"caption\":\"Castell d'Encus\"},\"url\":\"https:\/\/castelldencus.com\/es\/author\/castell_adm\/\"}]}<\/script>\n<!-- \/ Yoast SEO plugin. -->","yoast_head_json":{"title":"Ra\u00fcl Bobet &#038; Natura Biss\u00e9 - Castell d\u2019Encus","robots":{"index":"index","follow":"follow","max-snippet":"max-snippet:-1","max-image-preview":"max-image-preview:large","max-video-preview":"max-video-preview:-1"},"canonical":"https:\/\/castelldencus.com\/es\/eventos\/raulbobet-naturabisse\/","og_locale":"es_ES","og_type":"article","og_title":"Ra\u00fcl Bobet &#038; Natura Biss\u00e9 - Castell d\u2019Encus","og_description":"Ra\u00fcl Bobet &amp; Natura Biss\u00e9 Presentaci\u00f3n y cata de la mano de Ra\u00fcl Bobet dentrp de la actividad \"A MOMENT OF JOY: Beauty &amp; Wine Experience\" organizada por Natura Biss\u00e9. Se realizar\u00e0 una cata de tres vinos de Castell d'Encus donde se prestar\u00e1 especial atenci\u00f3n al espectro arom\u00e1tico de los vinos. Fecha: 15.05.2023P\u00fablico: privadoLugar: Hotel [&hellip;]","og_url":"https:\/\/castelldencus.com\/es\/eventos\/raulbobet-naturabisse\/","og_site_name":"Castell d\u2019Encus","article_published_time":"2023-05-11T06:56:44+00:00","article_modified_time":"2023-05-26T08:22:17+00:00","og_image":[{"url":"https:\/\/castelldencus.com\/wp-content\/uploads\/2023\/05\/natura-bisse-300x80.png","type":"","width":"","height":""}],"author":"Castell d'Encus","twitter_card":"summary_large_image","twitter_misc":{"Escrito por":"Castell d'Encus","Tiempo de lectura":"1 minuto"},"schema":{"@context":"https:\/\/schema.org","@graph":[{"@type":"Article","@id":"https:\/\/castelldencus.com\/es\/eventos\/raulbobet-naturabisse\/#article","isPartOf":{"@id":"https:\/\/castelldencus.com\/es\/eventos\/raulbobet-naturabisse\/"},"author":{"name":"Castell d'Encus","@id":"https:\/\/castelldencus.com\/#\/schema\/person\/a078f7f720aebaa0ed6ab3f910860d85"},"headline":"Ra\u00fcl Bobet &#038; Natura Biss\u00e9","datePublished":"2023-05-11T06:56:44+00:00","dateModified":"2023-05-26T08:22:17+00:00","mainEntityOfPage":{"@id":"https:\/\/castelldencus.com\/es\/eventos\/raulbobet-naturabisse\/"},"wordCount":205,"commentCount":0,"image":{"@id":"https:\/\/castelldencus.com\/es\/eventos\/raulbobet-naturabisse\/#primaryimage"},"thumbnailUrl":"https:\/\/castelldencus.com\/wp-content\/uploads\/2023\/05\/natura-bisse-300x80.png","articleSection":["Eventos"],"inLanguage":"es"},{"@type":"WebPage","@id":"https:\/\/castelldencus.com\/es\/eventos\/raulbobet-naturabisse\/","url":"https:\/\/castelldencus.com\/es\/eventos\/raulbobet-naturabisse\/","name":"Ra\u00fcl Bobet &#038; Natura Biss\u00e9 - Castell d\u2019Encus","isPartOf":{"@id":"https:\/\/castelldencus.com\/#website"},"primaryImageOfPage":{"@id":"https:\/\/castelldencus.com\/es\/eventos\/raulbobet-naturabisse\/#primaryimage"},"image":{"@id":"https:\/\/castelldencus.com\/es\/eventos\/raulbobet-naturabisse\/#primaryimage"},"thumbnailUrl":"https:\/\/castelldencus.com\/wp-content\/uploads\/2023\/05\/natura-bisse-300x80.png","datePublished":"2023-05-11T06:56:44+00:00","dateModified":"2023-05-26T08:22:17+00:00","author":{"@id":"https:\/\/castelldencus.com\/#\/schema\/person\/a078f7f720aebaa0ed6ab3f910860d85"},"breadcrumb":{"@id":"https:\/\/castelldencus.com\/es\/eventos\/raulbobet-naturabisse\/#breadcrumb"},"inLanguage":"es","potentialAction":[{"@type":"ReadAction","target":["https:\/\/castelldencus.com\/es\/eventos\/raulbobet-naturabisse\/"]}]},{"@type":"ImageObject","inLanguage":"es","@id":"https:\/\/castelldencus.com\/es\/eventos\/raulbobet-naturabisse\/#primaryimage","url":"https:\/\/castelldencus.com\/wp-content\/uploads\/2023\/05\/natura-bisse-300x80.png","contentUrl":"https:\/\/castelldencus.com\/wp-content\/uploads\/2023\/05\/natura-bisse-300x80.png"},{"@type":"BreadcrumbList","@id":"https:\/\/castelldencus.com\/es\/eventos\/raulbobet-naturabisse\/#breadcrumb","itemListElement":[{"@type":"ListItem","position":1,"name":"Home","item":"https:\/\/castelldencus.com\/es\/"},{"@type":"ListItem","position":2,"name":"Ra\u00fcl Bobet &#038; Natura Biss\u00e9"}]},{"@type":"WebSite","@id":"https:\/\/castelldencus.com\/#website","url":"https:\/\/castelldencus.com\/","name":"Castell d\u2019Encus","description":"Celler | Castell d&#039;Encus | Catalunya","potentialAction":[{"@type":"SearchAction","target":{"@type":"EntryPoint","urlTemplate":"https:\/\/castelldencus.com\/?s={search_term_string}"},"query-input":{"@type":"PropertyValueSpecification","valueRequired":true,"valueName":"search_term_string"}}],"inLanguage":"es"},{"@type":"Person","@id":"https:\/\/castelldencus.com\/#\/schema\/person\/a078f7f720aebaa0ed6ab3f910860d85","name":"Castell d'Encus","image":{"@type":"ImageObject","inLanguage":"es","@id":"https:\/\/secure.gravatar.com\/avatar\/d42e5b86b4c64e0ef9857509b45f0566059e684c9ab5b8f8f5733010f8f0611a?s=96&d=mm&r=g","url":"https:\/\/secure.gravatar.com\/avatar\/d42e5b86b4c64e0ef9857509b45f0566059e684c9ab5b8f8f5733010f8f0611a?s=96&d=mm&r=g","contentUrl":"https:\/\/secure.gravatar.com\/avatar\/d42e5b86b4c64e0ef9857509b45f0566059e684c9ab5b8f8f5733010f8f0611a?s=96&d=mm&r=g","caption":"Castell d'Encus"},"url":"https:\/\/castelldencus.com\/es\/author\/castell_adm\/"}]}},"rttpg_featured_image_url":null,"rttpg_author":{"display_name":"Castell d'Encus","author_link":"https:\/\/castelldencus.com\/es\/author\/castell_adm\/"},"rttpg_comment":0,"rttpg_category":"<a href=\"https:\/\/castelldencus.com\/es\/category\/eventos\/\" rel=\"category tag\">Eventos<\/a>","rttpg_excerpt":"Ra\u00fcl Bobet &amp; Natura Biss\u00e9 Presentaci\u00f3n y cata de la mano de Ra\u00fcl Bobet dentrp de la actividad \"A MOMENT OF JOY: Beauty &amp; Wine Experience\" organizada por Natura Biss\u00e9. Se realizar\u00e0 una cata de tres vinos de Castell d'Encus donde se prestar\u00e1 especial atenci\u00f3n al espectro arom\u00e1tico de los vinos. Fecha: 15.05.2023P\u00fablico: privadoLugar: Hotel&hellip;","_links":{"self":[{"href":"https:\/\/castelldencus.com\/es\/wp-json\/wp\/v2\/posts\/6395","targetHints":{"allow":["GET"]}}],"collection":[{"href":"https:\/\/castelldencus.com\/es\/wp-json\/wp\/v2\/posts"}],"about":[{"href":"https:\/\/castelldencus.com\/es\/wp-json\/wp\/v2\/types\/post"}],"author":[{"embeddable":true,"href":"https:\/\/castelldencus.com\/es\/wp-json\/wp\/v2\/users\/8"}],"replies":[{"embeddable":true,"href":"https:\/\/castelldencus.com\/es\/wp-json\/wp\/v2\/comments?post=6395"}],"version-history":[{"count":0,"href":"https:\/\/castelldencus.com\/es\/wp-json\/wp\/v2\/posts\/6395\/revisions"}],"wp:attachment":[{"href":"https:\/\/castelldencus.com\/es\/wp-json\/wp\/v2\/media?parent=6395"}],"wp:term":[{"taxonomy":"category","embeddable":true,"href":"https:\/\/castelldencus.com\/es\/wp-json\/wp\/v2\/categories?post=6395"},{"taxonomy":"post_tag","embeddable":true,"href":"https:\/\/castelldencus.com\/es\/wp-json\/wp\/v2\/tags?post=6395"}],"curies":[{"name":"wp","href":"https:\/\/api.w.org\/{rel}","templated":true}]}}