{"id":6328,"date":"2023-05-10T14:43:32","date_gmt":"2023-05-10T14:43:32","guid":{"rendered":"https:\/\/castelldencus.com\/?p=6328"},"modified":"2023-07-17T09:01:18","modified_gmt":"2023-07-17T09:01:18","slug":"exposicion-hernandezpijuan-anys70","status":"publish","type":"post","link":"https:\/\/castelldencus.com\/es\/eventos\/exposicion-hernandezpijuan-anys70\/","title":{"rendered":"Exposici\u00f3n Hern\u00e1ndez Pijuan"},"content":{"rendered":"<p>[et_pb_section fb_built=&#8221;1&#8243; module_class=&#8221;box_azul_esdeveniments proxims-esdeveniments&#8221; _builder_version=&#8221;4.17.6&#8243; _module_preset=&#8221;default&#8221; custom_padding=&#8221;||||false|false&#8221; global_colors_info=&#8221;{}&#8221;][et_pb_row column_structure=&#8221;1_2,1_2&#8243; module_class=&#8221;box_verde_esdeveniments&#8221; _builder_version=&#8221;4.17.6&#8243; _module_preset=&#8221;default&#8221; width=&#8221;100%&#8221; max_width=&#8221;100%&#8221; custom_padding=&#8221;0px||0px||false|false&#8221; global_colors_info=&#8221;{}&#8221;][et_pb_column type=&#8221;1_2&#8243; _builder_version=&#8221;4.17.6&#8243; _module_preset=&#8221;default&#8221; global_colors_info=&#8221;{}&#8221;][et_pb_text admin_label=&#8221;Texto &#8211; Una oportunitat \u00fanica&#8230;&#8221; _builder_version=&#8221;4.20.0&#8243; _module_preset=&#8221;default&#8221; hover_enabled=&#8221;0&#8243; global_colors_info=&#8221;{}&#8221; sticky_enabled=&#8221;0&#8243;]<\/p>\n<h2 style=\"color: #bba76a;\">Exposici\u00f3n &#8220;Hern\u00e1ndez Pijuan. Anys 70&#8221;<\/h2>\n<p>Tenemos el inmenso placer de colaborar en la inauguraci\u00f3n de la exposici\u00f3n \u201cHern\u00e1ndez Pijuan. Anys 70\u201d con una selecci\u00f3n especial de Pinot Noir. Se trata de la primera exposici\u00f3n en m\u00e1s de cuatro d\u00e9cades dedicada \u00edntegramente a la obra realizada por el artista durante los a\u00f1os 70.<\/p>\n<p>Fecha inauguraci\u00f3n: 11.05.2023<br \/>Exposici\u00f3n: 11.05 &#8211; 30.06.2023<br \/>Lugar: Galeria Marc Dom\u00e8nech (Ptge Mercader 12, bxs \u2013 08008 Barcelona)<\/p>\n<p>Para m\u00e1s informaci\u00f3n sobre la exposici\u00f3n, visita el sitio web de <a href=\"http:\/\/www.galeriamarcdomenech.com\/es\/exposiciones-pintores-barcelona\/hern%C3%A1ndez-pijuan-a%C3%B1os-70\" target=\"_blank\" rel=\"noopener\">Galeria Marc Dom\u00e8nech<\/a><\/p>\n<p>[\/et_pb_text][\/et_pb_column][et_pb_column type=&#8221;1_2&#8243; _builder_version=&#8221;4.17.6&#8243; _module_preset=&#8221;default&#8221; global_colors_info=&#8221;{}&#8221;][et_pb_text admin_label=&#8221;IMAGEN&#8221; _builder_version=&#8221;4.20.0&#8243; _module_preset=&#8221;default&#8221; global_colors_info=&#8221;{}&#8221;]<div id=\"attachment_6332\" style=\"width: 237px\" class=\"wp-caption alignnone\"><img decoding=\"async\" aria-describedby=\"caption-attachment-6332\" class=\"wp-image-6332 size-medium\" src=\"https:\/\/castelldencus.com\/wp-content\/uploads\/2023\/05\/expoHP-227x300.jpg\" alt=\"La etiqueta de este Pinot Noir reproduce un detalle de la obra &quot;Tres copes sobre gris clar&quot; (1971)\" width=\"227\" height=\"300\" \/><p id=\"caption-attachment-6332\" class=\"wp-caption-text\">La etiqueta de este Pinot Noir reproduce un detalle de la obra &#8220;Tres copes sobre gris clar&#8221; (1971)<\/p><\/div>[\/et_pb_text][\/et_pb_column][\/et_pb_row][\/et_pb_section]<\/p>\n","protected":false},"excerpt":{"rendered":"<p>Exposici\u00f3n &#8220;Hern\u00e1ndez Pijuan. Anys 70&#8221; Tenemos el inmenso placer de colaborar en la inauguraci\u00f3n de la exposici\u00f3n \u201cHern\u00e1ndez Pijuan. Anys 70\u201d con una selecci\u00f3n especial de Pinot Noir. Se trata de la primera exposici\u00f3n en m\u00e1s de cuatro d\u00e9cades dedicada \u00edntegramente a la obra realizada por el artista durante los a\u00f1os 70. Fecha inauguraci\u00f3n: 11.05.2023Exposici\u00f3n: [&hellip;]<\/p>\n","protected":false},"author":8,"featured_media":0,"comment_status":"open","ping_status":"open","sticky":false,"template":"","format":"standard","meta":{"_et_pb_use_builder":"on","_et_pb_old_content":"","_et_gb_content_width":"","footnotes":""},"categories":[101],"tags":[],"class_list":["post-6328","post","type-post","status-publish","format-standard","hentry","category-eventos"],"yoast_head":"<!-- This site is optimized with the Yoast SEO plugin v27.2 - https:\/\/yoast.com\/product\/yoast-seo-wordpress\/ -->\n<title>Exposici\u00f3n Hern\u00e1ndez Pijuan - Castell d\u2019Encus<\/title>\n<meta name=\"robots\" content=\"index, follow, max-snippet:-1, max-image-preview:large, max-video-preview:-1\" \/>\n<link rel=\"canonical\" href=\"https:\/\/castelldencus.com\/es\/eventos\/exposicion-hernandezpijuan-anys70\/\" \/>\n<meta property=\"og:locale\" content=\"es_ES\" \/>\n<meta property=\"og:type\" content=\"article\" \/>\n<meta property=\"og:title\" content=\"Exposici\u00f3n Hern\u00e1ndez Pijuan - Castell d\u2019Encus\" \/>\n<meta property=\"og:description\" content=\"Exposici\u00f3n &quot;Hern\u00e1ndez Pijuan. Anys 70&quot; Tenemos el inmenso placer de colaborar en la inauguraci\u00f3n de la exposici\u00f3n \u201cHern\u00e1ndez Pijuan. Anys 70\u201d con una selecci\u00f3n especial de Pinot Noir. Se trata de la primera exposici\u00f3n en m\u00e1s de cuatro d\u00e9cades dedicada \u00edntegramente a la obra realizada por el artista durante los a\u00f1os 70. Fecha inauguraci\u00f3n: 11.05.2023Exposici\u00f3n: [&hellip;]\" \/>\n<meta property=\"og:url\" content=\"https:\/\/castelldencus.com\/es\/eventos\/exposicion-hernandezpijuan-anys70\/\" \/>\n<meta property=\"og:site_name\" content=\"Castell d\u2019Encus\" \/>\n<meta property=\"article:published_time\" content=\"2023-05-10T14:43:32+00:00\" \/>\n<meta property=\"article:modified_time\" content=\"2023-07-17T09:01:18+00:00\" \/>\n<meta property=\"og:image\" content=\"https:\/\/castelldencus.com\/wp-content\/uploads\/2023\/05\/expoHP-227x300.jpg\" \/>\n<meta name=\"author\" content=\"Castell d&#039;Encus\" \/>\n<meta name=\"twitter:card\" content=\"summary_large_image\" \/>\n<meta name=\"twitter:label1\" content=\"Escrito por\" \/>\n\t<meta name=\"twitter:data1\" content=\"Castell d&#039;Encus\" \/>\n\t<meta name=\"twitter:label2\" content=\"Tiempo de lectura\" \/>\n\t<meta name=\"twitter:data2\" content=\"1 minuto\" \/>\n<script type=\"application\/ld+json\" class=\"yoast-schema-graph\">{\"@context\":\"https:\/\/schema.org\",\"@graph\":[{\"@type\":\"Article\",\"@id\":\"https:\/\/castelldencus.com\/es\/eventos\/exposicion-hernandezpijuan-anys70\/#article\",\"isPartOf\":{\"@id\":\"https:\/\/castelldencus.com\/es\/eventos\/exposicion-hernandezpijuan-anys70\/\"},\"author\":{\"name\":\"Castell d'Encus\",\"@id\":\"https:\/\/castelldencus.com\/#\/schema\/person\/a078f7f720aebaa0ed6ab3f910860d85\"},\"headline\":\"Exposici\u00f3n Hern\u00e1ndez Pijuan\",\"datePublished\":\"2023-05-10T14:43:32+00:00\",\"dateModified\":\"2023-07-17T09:01:18+00:00\",\"mainEntityOfPage\":{\"@id\":\"https:\/\/castelldencus.com\/es\/eventos\/exposicion-hernandezpijuan-anys70\/\"},\"wordCount\":249,\"commentCount\":0,\"image\":{\"@id\":\"https:\/\/castelldencus.com\/es\/eventos\/exposicion-hernandezpijuan-anys70\/#primaryimage\"},\"thumbnailUrl\":\"https:\/\/castelldencus.com\/wp-content\/uploads\/2023\/05\/expoHP-227x300.jpg\",\"articleSection\":[\"Eventos\"],\"inLanguage\":\"es\"},{\"@type\":\"WebPage\",\"@id\":\"https:\/\/castelldencus.com\/es\/eventos\/exposicion-hernandezpijuan-anys70\/\",\"url\":\"https:\/\/castelldencus.com\/es\/eventos\/exposicion-hernandezpijuan-anys70\/\",\"name\":\"Exposici\u00f3n Hern\u00e1ndez Pijuan - Castell d\u2019Encus\",\"isPartOf\":{\"@id\":\"https:\/\/castelldencus.com\/#website\"},\"primaryImageOfPage\":{\"@id\":\"https:\/\/castelldencus.com\/es\/eventos\/exposicion-hernandezpijuan-anys70\/#primaryimage\"},\"image\":{\"@id\":\"https:\/\/castelldencus.com\/es\/eventos\/exposicion-hernandezpijuan-anys70\/#primaryimage\"},\"thumbnailUrl\":\"https:\/\/castelldencus.com\/wp-content\/uploads\/2023\/05\/expoHP-227x300.jpg\",\"datePublished\":\"2023-05-10T14:43:32+00:00\",\"dateModified\":\"2023-07-17T09:01:18+00:00\",\"author\":{\"@id\":\"https:\/\/castelldencus.com\/#\/schema\/person\/a078f7f720aebaa0ed6ab3f910860d85\"},\"breadcrumb\":{\"@id\":\"https:\/\/castelldencus.com\/es\/eventos\/exposicion-hernandezpijuan-anys70\/#breadcrumb\"},\"inLanguage\":\"es\",\"potentialAction\":[{\"@type\":\"ReadAction\",\"target\":[\"https:\/\/castelldencus.com\/es\/eventos\/exposicion-hernandezpijuan-anys70\/\"]}]},{\"@type\":\"ImageObject\",\"inLanguage\":\"es\",\"@id\":\"https:\/\/castelldencus.com\/es\/eventos\/exposicion-hernandezpijuan-anys70\/#primaryimage\",\"url\":\"https:\/\/castelldencus.com\/wp-content\/uploads\/2023\/05\/expoHP-227x300.jpg\",\"contentUrl\":\"https:\/\/castelldencus.com\/wp-content\/uploads\/2023\/05\/expoHP-227x300.jpg\"},{\"@type\":\"BreadcrumbList\",\"@id\":\"https:\/\/castelldencus.com\/es\/eventos\/exposicion-hernandezpijuan-anys70\/#breadcrumb\",\"itemListElement\":[{\"@type\":\"ListItem\",\"position\":1,\"name\":\"Home\",\"item\":\"https:\/\/castelldencus.com\/es\/\"},{\"@type\":\"ListItem\",\"position\":2,\"name\":\"Exposici\u00f3n Hern\u00e1ndez Pijuan\"}]},{\"@type\":\"WebSite\",\"@id\":\"https:\/\/castelldencus.com\/#website\",\"url\":\"https:\/\/castelldencus.com\/\",\"name\":\"Castell d\u2019Encus\",\"description\":\"Celler | Castell d&#039;Encus | Catalunya\",\"potentialAction\":[{\"@type\":\"SearchAction\",\"target\":{\"@type\":\"EntryPoint\",\"urlTemplate\":\"https:\/\/castelldencus.com\/?s={search_term_string}\"},\"query-input\":{\"@type\":\"PropertyValueSpecification\",\"valueRequired\":true,\"valueName\":\"search_term_string\"}}],\"inLanguage\":\"es\"},{\"@type\":\"Person\",\"@id\":\"https:\/\/castelldencus.com\/#\/schema\/person\/a078f7f720aebaa0ed6ab3f910860d85\",\"name\":\"Castell d'Encus\",\"image\":{\"@type\":\"ImageObject\",\"inLanguage\":\"es\",\"@id\":\"https:\/\/secure.gravatar.com\/avatar\/d42e5b86b4c64e0ef9857509b45f0566059e684c9ab5b8f8f5733010f8f0611a?s=96&d=mm&r=g\",\"url\":\"https:\/\/secure.gravatar.com\/avatar\/d42e5b86b4c64e0ef9857509b45f0566059e684c9ab5b8f8f5733010f8f0611a?s=96&d=mm&r=g\",\"contentUrl\":\"https:\/\/secure.gravatar.com\/avatar\/d42e5b86b4c64e0ef9857509b45f0566059e684c9ab5b8f8f5733010f8f0611a?s=96&d=mm&r=g\",\"caption\":\"Castell d'Encus\"},\"url\":\"https:\/\/castelldencus.com\/es\/author\/castell_adm\/\"}]}<\/script>\n<!-- \/ Yoast SEO plugin. -->","yoast_head_json":{"title":"Exposici\u00f3n Hern\u00e1ndez Pijuan - Castell d\u2019Encus","robots":{"index":"index","follow":"follow","max-snippet":"max-snippet:-1","max-image-preview":"max-image-preview:large","max-video-preview":"max-video-preview:-1"},"canonical":"https:\/\/castelldencus.com\/es\/eventos\/exposicion-hernandezpijuan-anys70\/","og_locale":"es_ES","og_type":"article","og_title":"Exposici\u00f3n Hern\u00e1ndez Pijuan - Castell d\u2019Encus","og_description":"Exposici\u00f3n \"Hern\u00e1ndez Pijuan. Anys 70\" Tenemos el inmenso placer de colaborar en la inauguraci\u00f3n de la exposici\u00f3n \u201cHern\u00e1ndez Pijuan. Anys 70\u201d con una selecci\u00f3n especial de Pinot Noir. Se trata de la primera exposici\u00f3n en m\u00e1s de cuatro d\u00e9cades dedicada \u00edntegramente a la obra realizada por el artista durante los a\u00f1os 70. Fecha inauguraci\u00f3n: 11.05.2023Exposici\u00f3n: [&hellip;]","og_url":"https:\/\/castelldencus.com\/es\/eventos\/exposicion-hernandezpijuan-anys70\/","og_site_name":"Castell d\u2019Encus","article_published_time":"2023-05-10T14:43:32+00:00","article_modified_time":"2023-07-17T09:01:18+00:00","og_image":[{"url":"https:\/\/castelldencus.com\/wp-content\/uploads\/2023\/05\/expoHP-227x300.jpg","type":"","width":"","height":""}],"author":"Castell d'Encus","twitter_card":"summary_large_image","twitter_misc":{"Escrito por":"Castell d'Encus","Tiempo de lectura":"1 minuto"},"schema":{"@context":"https:\/\/schema.org","@graph":[{"@type":"Article","@id":"https:\/\/castelldencus.com\/es\/eventos\/exposicion-hernandezpijuan-anys70\/#article","isPartOf":{"@id":"https:\/\/castelldencus.com\/es\/eventos\/exposicion-hernandezpijuan-anys70\/"},"author":{"name":"Castell d'Encus","@id":"https:\/\/castelldencus.com\/#\/schema\/person\/a078f7f720aebaa0ed6ab3f910860d85"},"headline":"Exposici\u00f3n Hern\u00e1ndez Pijuan","datePublished":"2023-05-10T14:43:32+00:00","dateModified":"2023-07-17T09:01:18+00:00","mainEntityOfPage":{"@id":"https:\/\/castelldencus.com\/es\/eventos\/exposicion-hernandezpijuan-anys70\/"},"wordCount":249,"commentCount":0,"image":{"@id":"https:\/\/castelldencus.com\/es\/eventos\/exposicion-hernandezpijuan-anys70\/#primaryimage"},"thumbnailUrl":"https:\/\/castelldencus.com\/wp-content\/uploads\/2023\/05\/expoHP-227x300.jpg","articleSection":["Eventos"],"inLanguage":"es"},{"@type":"WebPage","@id":"https:\/\/castelldencus.com\/es\/eventos\/exposicion-hernandezpijuan-anys70\/","url":"https:\/\/castelldencus.com\/es\/eventos\/exposicion-hernandezpijuan-anys70\/","name":"Exposici\u00f3n Hern\u00e1ndez Pijuan - Castell d\u2019Encus","isPartOf":{"@id":"https:\/\/castelldencus.com\/#website"},"primaryImageOfPage":{"@id":"https:\/\/castelldencus.com\/es\/eventos\/exposicion-hernandezpijuan-anys70\/#primaryimage"},"image":{"@id":"https:\/\/castelldencus.com\/es\/eventos\/exposicion-hernandezpijuan-anys70\/#primaryimage"},"thumbnailUrl":"https:\/\/castelldencus.com\/wp-content\/uploads\/2023\/05\/expoHP-227x300.jpg","datePublished":"2023-05-10T14:43:32+00:00","dateModified":"2023-07-17T09:01:18+00:00","author":{"@id":"https:\/\/castelldencus.com\/#\/schema\/person\/a078f7f720aebaa0ed6ab3f910860d85"},"breadcrumb":{"@id":"https:\/\/castelldencus.com\/es\/eventos\/exposicion-hernandezpijuan-anys70\/#breadcrumb"},"inLanguage":"es","potentialAction":[{"@type":"ReadAction","target":["https:\/\/castelldencus.com\/es\/eventos\/exposicion-hernandezpijuan-anys70\/"]}]},{"@type":"ImageObject","inLanguage":"es","@id":"https:\/\/castelldencus.com\/es\/eventos\/exposicion-hernandezpijuan-anys70\/#primaryimage","url":"https:\/\/castelldencus.com\/wp-content\/uploads\/2023\/05\/expoHP-227x300.jpg","contentUrl":"https:\/\/castelldencus.com\/wp-content\/uploads\/2023\/05\/expoHP-227x300.jpg"},{"@type":"BreadcrumbList","@id":"https:\/\/castelldencus.com\/es\/eventos\/exposicion-hernandezpijuan-anys70\/#breadcrumb","itemListElement":[{"@type":"ListItem","position":1,"name":"Home","item":"https:\/\/castelldencus.com\/es\/"},{"@type":"ListItem","position":2,"name":"Exposici\u00f3n Hern\u00e1ndez Pijuan"}]},{"@type":"WebSite","@id":"https:\/\/castelldencus.com\/#website","url":"https:\/\/castelldencus.com\/","name":"Castell d\u2019Encus","description":"Celler | Castell d&#039;Encus | Catalunya","potentialAction":[{"@type":"SearchAction","target":{"@type":"EntryPoint","urlTemplate":"https:\/\/castelldencus.com\/?s={search_term_string}"},"query-input":{"@type":"PropertyValueSpecification","valueRequired":true,"valueName":"search_term_string"}}],"inLanguage":"es"},{"@type":"Person","@id":"https:\/\/castelldencus.com\/#\/schema\/person\/a078f7f720aebaa0ed6ab3f910860d85","name":"Castell d'Encus","image":{"@type":"ImageObject","inLanguage":"es","@id":"https:\/\/secure.gravatar.com\/avatar\/d42e5b86b4c64e0ef9857509b45f0566059e684c9ab5b8f8f5733010f8f0611a?s=96&d=mm&r=g","url":"https:\/\/secure.gravatar.com\/avatar\/d42e5b86b4c64e0ef9857509b45f0566059e684c9ab5b8f8f5733010f8f0611a?s=96&d=mm&r=g","contentUrl":"https:\/\/secure.gravatar.com\/avatar\/d42e5b86b4c64e0ef9857509b45f0566059e684c9ab5b8f8f5733010f8f0611a?s=96&d=mm&r=g","caption":"Castell d'Encus"},"url":"https:\/\/castelldencus.com\/es\/author\/castell_adm\/"}]}},"rttpg_featured_image_url":null,"rttpg_author":{"display_name":"Castell d'Encus","author_link":"https:\/\/castelldencus.com\/es\/author\/castell_adm\/"},"rttpg_comment":0,"rttpg_category":"<a href=\"https:\/\/castelldencus.com\/es\/category\/eventos\/\" rel=\"category tag\">Eventos<\/a>","rttpg_excerpt":"Exposici\u00f3n \"Hern\u00e1ndez Pijuan. Anys 70\" Tenemos el inmenso placer de colaborar en la inauguraci\u00f3n de la exposici\u00f3n \u201cHern\u00e1ndez Pijuan. Anys 70\u201d con una selecci\u00f3n especial de Pinot Noir. Se trata de la primera exposici\u00f3n en m\u00e1s de cuatro d\u00e9cades dedicada \u00edntegramente a la obra realizada por el artista durante los a\u00f1os 70. Fecha inauguraci\u00f3n: 11.05.2023Exposici\u00f3n:&hellip;","_links":{"self":[{"href":"https:\/\/castelldencus.com\/es\/wp-json\/wp\/v2\/posts\/6328","targetHints":{"allow":["GET"]}}],"collection":[{"href":"https:\/\/castelldencus.com\/es\/wp-json\/wp\/v2\/posts"}],"about":[{"href":"https:\/\/castelldencus.com\/es\/wp-json\/wp\/v2\/types\/post"}],"author":[{"embeddable":true,"href":"https:\/\/castelldencus.com\/es\/wp-json\/wp\/v2\/users\/8"}],"replies":[{"embeddable":true,"href":"https:\/\/castelldencus.com\/es\/wp-json\/wp\/v2\/comments?post=6328"}],"version-history":[{"count":0,"href":"https:\/\/castelldencus.com\/es\/wp-json\/wp\/v2\/posts\/6328\/revisions"}],"wp:attachment":[{"href":"https:\/\/castelldencus.com\/es\/wp-json\/wp\/v2\/media?parent=6328"}],"wp:term":[{"taxonomy":"category","embeddable":true,"href":"https:\/\/castelldencus.com\/es\/wp-json\/wp\/v2\/categories?post=6328"},{"taxonomy":"post_tag","embeddable":true,"href":"https:\/\/castelldencus.com\/es\/wp-json\/wp\/v2\/tags?post=6328"}],"curies":[{"name":"wp","href":"https:\/\/api.w.org\/{rel}","templated":true}]}}