{"id":4567,"date":"2022-08-10T08:12:10","date_gmt":"2022-08-10T08:12:10","guid":{"rendered":"https:\/\/castelldencus.com\/?p=4567"},"modified":"2023-05-15T12:16:08","modified_gmt":"2023-05-15T12:16:08","slug":"cata-madrid","status":"publish","type":"post","link":"https:\/\/castelldencus.com\/es\/eventos\/cata-madrid\/","title":{"rendered":"Cata en Madrid: Cena con bodeguero"},"content":{"rendered":"<p>[et_pb_section fb_built=&#8221;1&#8243; module_class=&#8221;box_azul_esdeveniments proxims-esdeveniments&#8221; _builder_version=&#8221;4.17.6&#8243; _module_preset=&#8221;default&#8221; custom_padding=&#8221;||||false|false&#8221; global_colors_info=&#8221;{}&#8221;][et_pb_row column_structure=&#8221;1_2,1_2&#8243; module_class=&#8221;box_verde_esdeveniments&#8221; _builder_version=&#8221;4.17.6&#8243; _module_preset=&#8221;default&#8221; width=&#8221;100%&#8221; max_width=&#8221;100%&#8221; custom_padding=&#8221;0px||0px||false|false&#8221; global_colors_info=&#8221;{}&#8221;][et_pb_column type=&#8221;1_2&#8243; _builder_version=&#8221;4.17.6&#8243; _module_preset=&#8221;default&#8221; global_colors_info=&#8221;{}&#8221;][et_pb_text admin_label=&#8221;Texto &#8211; Una oportunitat \u00fanica&#8230;&#8221; _builder_version=&#8221;4.20.0&#8243; _module_preset=&#8221;default&#8221; hover_enabled=&#8221;0&#8243; global_colors_info=&#8221;{}&#8221; sticky_enabled=&#8221;0&#8243;]<\/p>\n<h2 style=\"color: #bba76a;\">Cata en Madrid: Cena con bodeguero<\/h2>\n<p><span style=\"color: #272724;\">Cata organitzada por LAVINIA Ortega y Gasset dentro del ciclo &#8220;Cena con bodeguero&#8221; donde se podr\u00e1n compartir experiencias alrededor del vino, con una cena de picoteo, acompa\u00f1ados de las explicaciones de Ra\u00fcl Bobet.<\/span><\/p>\n<p><span style=\"color: #686864;\">Fecha<\/span>\u00a0<span style=\"color: #52534b;\">9-3-2023<\/span><br \/><span style=\"color: #686864;\">Lugar<\/span>\u00a0Lavinia Madrid, C\/Ortega y Gasset, 16<br \/><span style=\"color: #686864;\">Precio<\/span>\u00a0<span style=\"color: #52534b;\">70\u20ac\/persona<\/span><\/p>\n<p><span style=\"color: #272724;\">Si quieres hacer una reserva a este evento u obtener m\u00e1s informaci\u00f3n, visita el sitio <a href=\"https:\/\/www.lavinia.com\/es-es\/cata-con-bodeguero-rd-ortega-y-gasset-3#\" target=\"_blank\" rel=\"noopener\">web de LAVINIA<\/a>.<\/span><\/p>\n<p>[\/et_pb_text][et_pb_button button_url=&#8221;https:\/\/www.lavinia.com\/es-es\/cata-con-bodeguero-rd-ortega-y-gasset-3#&#8221; url_new_window=&#8221;on&#8221; button_text=&#8221;M\u00c1S INFORMACI\u00d3N&#8221; admin_label=&#8221;M\u00c9S INFORMACI\u00d3&#8221; module_class=&#8221;btn_masinfo&#8221; _builder_version=&#8221;4.19.2&#8243; _module_preset=&#8221;default&#8221; custom_button=&#8221;on&#8221; button_text_color=&#8221;#FFFFFF&#8221; button_bg_color=&#8221;#000000&#8243; button_border_color=&#8221;#000000&#8243; button_use_icon=&#8221;off&#8221; global_colors_info=&#8221;{}&#8221;][\/et_pb_button][\/et_pb_column][et_pb_column type=&#8221;1_2&#8243; _builder_version=&#8221;4.17.6&#8243; _module_preset=&#8221;default&#8221; global_colors_info=&#8221;{}&#8221;][et_pb_text admin_label=&#8221;IMAGEN&#8221; _builder_version=&#8221;4.20.0&#8243; _module_preset=&#8221;default&#8221; global_colors_info=&#8221;{}&#8221;]<img decoding=\"async\" class=\"alignnone wp-image-4557 size-full\" src=\"https:\/\/castelldencus.com\/wp-content\/uploads\/2022\/08\/11-scaled.jpg\" alt=\"Retrato Ra\u00fcl Bobet en la sala de botas de Castell d'Encus\" width=\"2560\" height=\"1440\" srcset=\"https:\/\/castelldencus.com\/wp-content\/uploads\/2022\/08\/11-scaled.jpg 2560w, https:\/\/castelldencus.com\/wp-content\/uploads\/2022\/08\/11-1280x720.jpg 1280w, https:\/\/castelldencus.com\/wp-content\/uploads\/2022\/08\/11-980x551.jpg 980w, https:\/\/castelldencus.com\/wp-content\/uploads\/2022\/08\/11-480x270.jpg 480w\" sizes=\"(min-width: 0px) and (max-width: 480px) 480px, (min-width: 481px) and (max-width: 980px) 980px, (min-width: 981px) and (max-width: 1280px) 1280px, (min-width: 1281px) 2560px, 100vw\" \/>[\/et_pb_text][\/et_pb_column][\/et_pb_row][\/et_pb_section]<\/p>\n","protected":false},"excerpt":{"rendered":"<p>Cata en Madrid: Cena con bodeguero Cata organitzada por LAVINIA Ortega y Gasset dentro del ciclo &#8220;Cena con bodeguero&#8221; donde se podr\u00e1n compartir experiencias alrededor del vino, con una cena de picoteo, acompa\u00f1ados de las explicaciones de Ra\u00fcl Bobet. Fecha\u00a09-3-2023Lugar\u00a0Lavinia Madrid, C\/Ortega y Gasset, 16Precio\u00a070\u20ac\/persona Si quieres hacer una reserva a este evento u obtener [&hellip;]<\/p>\n","protected":false},"author":7,"featured_media":0,"comment_status":"open","ping_status":"open","sticky":false,"template":"","format":"standard","meta":{"_et_pb_use_builder":"on","_et_pb_old_content":"","_et_gb_content_width":"","footnotes":""},"categories":[101],"tags":[],"class_list":["post-4567","post","type-post","status-publish","format-standard","hentry","category-eventos"],"yoast_head":"<!-- This site is optimized with the Yoast SEO plugin v27.2 - https:\/\/yoast.com\/product\/yoast-seo-wordpress\/ -->\n<title>Cata en Madrid: Cena con bodeguero - Castell d\u2019Encus<\/title>\n<meta name=\"robots\" content=\"index, follow, max-snippet:-1, max-image-preview:large, max-video-preview:-1\" \/>\n<link rel=\"canonical\" href=\"https:\/\/castelldencus.com\/es\/eventos\/cata-madrid\/\" \/>\n<meta property=\"og:locale\" content=\"es_ES\" \/>\n<meta property=\"og:type\" content=\"article\" \/>\n<meta property=\"og:title\" content=\"Cata en Madrid: Cena con bodeguero - Castell d\u2019Encus\" \/>\n<meta property=\"og:description\" content=\"Cata en Madrid: Cena con bodeguero Cata organitzada por LAVINIA Ortega y Gasset dentro del ciclo &quot;Cena con bodeguero&quot; donde se podr\u00e1n compartir experiencias alrededor del vino, con una cena de picoteo, acompa\u00f1ados de las explicaciones de Ra\u00fcl Bobet. Fecha\u00a09-3-2023Lugar\u00a0Lavinia Madrid, C\/Ortega y Gasset, 16Precio\u00a070\u20ac\/persona Si quieres hacer una reserva a este evento u obtener [&hellip;]\" \/>\n<meta property=\"og:url\" content=\"https:\/\/castelldencus.com\/es\/eventos\/cata-madrid\/\" \/>\n<meta property=\"og:site_name\" content=\"Castell d\u2019Encus\" \/>\n<meta property=\"article:published_time\" content=\"2022-08-10T08:12:10+00:00\" \/>\n<meta property=\"article:modified_time\" content=\"2023-05-15T12:16:08+00:00\" \/>\n<meta property=\"og:image\" content=\"https:\/\/castelldencus.com\/wp-content\/uploads\/2022\/08\/11-scaled.jpg\" \/>\n<meta name=\"author\" content=\"Admin Evotic\" \/>\n<meta name=\"twitter:card\" content=\"summary_large_image\" \/>\n<meta name=\"twitter:label1\" content=\"Escrito por\" \/>\n\t<meta name=\"twitter:data1\" content=\"Admin Evotic\" \/>\n\t<meta name=\"twitter:label2\" content=\"Tiempo de lectura\" \/>\n\t<meta name=\"twitter:data2\" content=\"1 minuto\" \/>\n<script type=\"application\/ld+json\" class=\"yoast-schema-graph\">{\"@context\":\"https:\/\/schema.org\",\"@graph\":[{\"@type\":\"Article\",\"@id\":\"https:\/\/castelldencus.com\/es\/eventos\/cata-madrid\/#article\",\"isPartOf\":{\"@id\":\"https:\/\/castelldencus.com\/es\/eventos\/cata-madrid\/\"},\"author\":{\"name\":\"Admin Evotic\",\"@id\":\"https:\/\/castelldencus.com\/#\/schema\/person\/d3cc6acdc2c10f44a8a4b6bd4593114d\"},\"headline\":\"Cata en Madrid: Cena con bodeguero\",\"datePublished\":\"2022-08-10T08:12:10+00:00\",\"dateModified\":\"2023-05-15T12:16:08+00:00\",\"mainEntityOfPage\":{\"@id\":\"https:\/\/castelldencus.com\/es\/eventos\/cata-madrid\/\"},\"wordCount\":266,\"commentCount\":0,\"image\":{\"@id\":\"https:\/\/castelldencus.com\/es\/eventos\/cata-madrid\/#primaryimage\"},\"thumbnailUrl\":\"https:\/\/castelldencus.com\/wp-content\/uploads\/2022\/08\/11-scaled.jpg\",\"articleSection\":[\"Eventos\"],\"inLanguage\":\"es\"},{\"@type\":\"WebPage\",\"@id\":\"https:\/\/castelldencus.com\/es\/eventos\/cata-madrid\/\",\"url\":\"https:\/\/castelldencus.com\/es\/eventos\/cata-madrid\/\",\"name\":\"Cata en Madrid: Cena con bodeguero - Castell d\u2019Encus\",\"isPartOf\":{\"@id\":\"https:\/\/castelldencus.com\/#website\"},\"primaryImageOfPage\":{\"@id\":\"https:\/\/castelldencus.com\/es\/eventos\/cata-madrid\/#primaryimage\"},\"image\":{\"@id\":\"https:\/\/castelldencus.com\/es\/eventos\/cata-madrid\/#primaryimage\"},\"thumbnailUrl\":\"https:\/\/castelldencus.com\/wp-content\/uploads\/2022\/08\/11-scaled.jpg\",\"datePublished\":\"2022-08-10T08:12:10+00:00\",\"dateModified\":\"2023-05-15T12:16:08+00:00\",\"author\":{\"@id\":\"https:\/\/castelldencus.com\/#\/schema\/person\/d3cc6acdc2c10f44a8a4b6bd4593114d\"},\"breadcrumb\":{\"@id\":\"https:\/\/castelldencus.com\/es\/eventos\/cata-madrid\/#breadcrumb\"},\"inLanguage\":\"es\",\"potentialAction\":[{\"@type\":\"ReadAction\",\"target\":[\"https:\/\/castelldencus.com\/es\/eventos\/cata-madrid\/\"]}]},{\"@type\":\"ImageObject\",\"inLanguage\":\"es\",\"@id\":\"https:\/\/castelldencus.com\/es\/eventos\/cata-madrid\/#primaryimage\",\"url\":\"https:\/\/castelldencus.com\/wp-content\/uploads\/2022\/08\/11-scaled.jpg\",\"contentUrl\":\"https:\/\/castelldencus.com\/wp-content\/uploads\/2022\/08\/11-scaled.jpg\"},{\"@type\":\"BreadcrumbList\",\"@id\":\"https:\/\/castelldencus.com\/es\/eventos\/cata-madrid\/#breadcrumb\",\"itemListElement\":[{\"@type\":\"ListItem\",\"position\":1,\"name\":\"Home\",\"item\":\"https:\/\/castelldencus.com\/es\/\"},{\"@type\":\"ListItem\",\"position\":2,\"name\":\"Cata en Madrid: Cena con bodeguero\"}]},{\"@type\":\"WebSite\",\"@id\":\"https:\/\/castelldencus.com\/#website\",\"url\":\"https:\/\/castelldencus.com\/\",\"name\":\"Castell d\u2019Encus\",\"description\":\"Celler | Castell d&#039;Encus | Catalunya\",\"potentialAction\":[{\"@type\":\"SearchAction\",\"target\":{\"@type\":\"EntryPoint\",\"urlTemplate\":\"https:\/\/castelldencus.com\/?s={search_term_string}\"},\"query-input\":{\"@type\":\"PropertyValueSpecification\",\"valueRequired\":true,\"valueName\":\"search_term_string\"}}],\"inLanguage\":\"es\"},{\"@type\":\"Person\",\"@id\":\"https:\/\/castelldencus.com\/#\/schema\/person\/d3cc6acdc2c10f44a8a4b6bd4593114d\",\"name\":\"Admin Evotic\",\"image\":{\"@type\":\"ImageObject\",\"inLanguage\":\"es\",\"@id\":\"https:\/\/secure.gravatar.com\/avatar\/a7e2c4b4f8749a59f8b3441df7df9b77117796f75343917bfc104152b695607f?s=96&d=mm&r=g\",\"url\":\"https:\/\/secure.gravatar.com\/avatar\/a7e2c4b4f8749a59f8b3441df7df9b77117796f75343917bfc104152b695607f?s=96&d=mm&r=g\",\"contentUrl\":\"https:\/\/secure.gravatar.com\/avatar\/a7e2c4b4f8749a59f8b3441df7df9b77117796f75343917bfc104152b695607f?s=96&d=mm&r=g\",\"caption\":\"Admin Evotic\"},\"sameAs\":[\"https:\/\/evotic.es\/\"],\"url\":\"https:\/\/castelldencus.com\/es\/author\/jose-10\/\"}]}<\/script>\n<!-- \/ Yoast SEO plugin. -->","yoast_head_json":{"title":"Cata en Madrid: Cena con bodeguero - Castell d\u2019Encus","robots":{"index":"index","follow":"follow","max-snippet":"max-snippet:-1","max-image-preview":"max-image-preview:large","max-video-preview":"max-video-preview:-1"},"canonical":"https:\/\/castelldencus.com\/es\/eventos\/cata-madrid\/","og_locale":"es_ES","og_type":"article","og_title":"Cata en Madrid: Cena con bodeguero - Castell d\u2019Encus","og_description":"Cata en Madrid: Cena con bodeguero Cata organitzada por LAVINIA Ortega y Gasset dentro del ciclo \"Cena con bodeguero\" donde se podr\u00e1n compartir experiencias alrededor del vino, con una cena de picoteo, acompa\u00f1ados de las explicaciones de Ra\u00fcl Bobet. Fecha\u00a09-3-2023Lugar\u00a0Lavinia Madrid, C\/Ortega y Gasset, 16Precio\u00a070\u20ac\/persona Si quieres hacer una reserva a este evento u obtener [&hellip;]","og_url":"https:\/\/castelldencus.com\/es\/eventos\/cata-madrid\/","og_site_name":"Castell d\u2019Encus","article_published_time":"2022-08-10T08:12:10+00:00","article_modified_time":"2023-05-15T12:16:08+00:00","og_image":[{"url":"https:\/\/castelldencus.com\/wp-content\/uploads\/2022\/08\/11-scaled.jpg","type":"","width":"","height":""}],"author":"Admin Evotic","twitter_card":"summary_large_image","twitter_misc":{"Escrito por":"Admin Evotic","Tiempo de lectura":"1 minuto"},"schema":{"@context":"https:\/\/schema.org","@graph":[{"@type":"Article","@id":"https:\/\/castelldencus.com\/es\/eventos\/cata-madrid\/#article","isPartOf":{"@id":"https:\/\/castelldencus.com\/es\/eventos\/cata-madrid\/"},"author":{"name":"Admin Evotic","@id":"https:\/\/castelldencus.com\/#\/schema\/person\/d3cc6acdc2c10f44a8a4b6bd4593114d"},"headline":"Cata en Madrid: Cena con bodeguero","datePublished":"2022-08-10T08:12:10+00:00","dateModified":"2023-05-15T12:16:08+00:00","mainEntityOfPage":{"@id":"https:\/\/castelldencus.com\/es\/eventos\/cata-madrid\/"},"wordCount":266,"commentCount":0,"image":{"@id":"https:\/\/castelldencus.com\/es\/eventos\/cata-madrid\/#primaryimage"},"thumbnailUrl":"https:\/\/castelldencus.com\/wp-content\/uploads\/2022\/08\/11-scaled.jpg","articleSection":["Eventos"],"inLanguage":"es"},{"@type":"WebPage","@id":"https:\/\/castelldencus.com\/es\/eventos\/cata-madrid\/","url":"https:\/\/castelldencus.com\/es\/eventos\/cata-madrid\/","name":"Cata en Madrid: Cena con bodeguero - Castell d\u2019Encus","isPartOf":{"@id":"https:\/\/castelldencus.com\/#website"},"primaryImageOfPage":{"@id":"https:\/\/castelldencus.com\/es\/eventos\/cata-madrid\/#primaryimage"},"image":{"@id":"https:\/\/castelldencus.com\/es\/eventos\/cata-madrid\/#primaryimage"},"thumbnailUrl":"https:\/\/castelldencus.com\/wp-content\/uploads\/2022\/08\/11-scaled.jpg","datePublished":"2022-08-10T08:12:10+00:00","dateModified":"2023-05-15T12:16:08+00:00","author":{"@id":"https:\/\/castelldencus.com\/#\/schema\/person\/d3cc6acdc2c10f44a8a4b6bd4593114d"},"breadcrumb":{"@id":"https:\/\/castelldencus.com\/es\/eventos\/cata-madrid\/#breadcrumb"},"inLanguage":"es","potentialAction":[{"@type":"ReadAction","target":["https:\/\/castelldencus.com\/es\/eventos\/cata-madrid\/"]}]},{"@type":"ImageObject","inLanguage":"es","@id":"https:\/\/castelldencus.com\/es\/eventos\/cata-madrid\/#primaryimage","url":"https:\/\/castelldencus.com\/wp-content\/uploads\/2022\/08\/11-scaled.jpg","contentUrl":"https:\/\/castelldencus.com\/wp-content\/uploads\/2022\/08\/11-scaled.jpg"},{"@type":"BreadcrumbList","@id":"https:\/\/castelldencus.com\/es\/eventos\/cata-madrid\/#breadcrumb","itemListElement":[{"@type":"ListItem","position":1,"name":"Home","item":"https:\/\/castelldencus.com\/es\/"},{"@type":"ListItem","position":2,"name":"Cata en Madrid: Cena con bodeguero"}]},{"@type":"WebSite","@id":"https:\/\/castelldencus.com\/#website","url":"https:\/\/castelldencus.com\/","name":"Castell d\u2019Encus","description":"Celler | Castell d&#039;Encus | Catalunya","potentialAction":[{"@type":"SearchAction","target":{"@type":"EntryPoint","urlTemplate":"https:\/\/castelldencus.com\/?s={search_term_string}"},"query-input":{"@type":"PropertyValueSpecification","valueRequired":true,"valueName":"search_term_string"}}],"inLanguage":"es"},{"@type":"Person","@id":"https:\/\/castelldencus.com\/#\/schema\/person\/d3cc6acdc2c10f44a8a4b6bd4593114d","name":"Admin Evotic","image":{"@type":"ImageObject","inLanguage":"es","@id":"https:\/\/secure.gravatar.com\/avatar\/a7e2c4b4f8749a59f8b3441df7df9b77117796f75343917bfc104152b695607f?s=96&d=mm&r=g","url":"https:\/\/secure.gravatar.com\/avatar\/a7e2c4b4f8749a59f8b3441df7df9b77117796f75343917bfc104152b695607f?s=96&d=mm&r=g","contentUrl":"https:\/\/secure.gravatar.com\/avatar\/a7e2c4b4f8749a59f8b3441df7df9b77117796f75343917bfc104152b695607f?s=96&d=mm&r=g","caption":"Admin Evotic"},"sameAs":["https:\/\/evotic.es\/"],"url":"https:\/\/castelldencus.com\/es\/author\/jose-10\/"}]}},"rttpg_featured_image_url":null,"rttpg_author":{"display_name":"Admin Evotic","author_link":"https:\/\/castelldencus.com\/es\/author\/jose-10\/"},"rttpg_comment":0,"rttpg_category":"<a href=\"https:\/\/castelldencus.com\/es\/category\/eventos\/\" rel=\"category tag\">Eventos<\/a>","rttpg_excerpt":"Cata en Madrid: Cena con bodeguero Cata organitzada por LAVINIA Ortega y Gasset dentro del ciclo \"Cena con bodeguero\" donde se podr\u00e1n compartir experiencias alrededor del vino, con una cena de picoteo, acompa\u00f1ados de las explicaciones de Ra\u00fcl Bobet. Fecha\u00a09-3-2023Lugar\u00a0Lavinia Madrid, C\/Ortega y Gasset, 16Precio\u00a070\u20ac\/persona Si quieres hacer una reserva a este evento u obtener&hellip;","_links":{"self":[{"href":"https:\/\/castelldencus.com\/es\/wp-json\/wp\/v2\/posts\/4567","targetHints":{"allow":["GET"]}}],"collection":[{"href":"https:\/\/castelldencus.com\/es\/wp-json\/wp\/v2\/posts"}],"about":[{"href":"https:\/\/castelldencus.com\/es\/wp-json\/wp\/v2\/types\/post"}],"author":[{"embeddable":true,"href":"https:\/\/castelldencus.com\/es\/wp-json\/wp\/v2\/users\/7"}],"replies":[{"embeddable":true,"href":"https:\/\/castelldencus.com\/es\/wp-json\/wp\/v2\/comments?post=4567"}],"version-history":[{"count":0,"href":"https:\/\/castelldencus.com\/es\/wp-json\/wp\/v2\/posts\/4567\/revisions"}],"wp:attachment":[{"href":"https:\/\/castelldencus.com\/es\/wp-json\/wp\/v2\/media?parent=4567"}],"wp:term":[{"taxonomy":"category","embeddable":true,"href":"https:\/\/castelldencus.com\/es\/wp-json\/wp\/v2\/categories?post=4567"},{"taxonomy":"post_tag","embeddable":true,"href":"https:\/\/castelldencus.com\/es\/wp-json\/wp\/v2\/tags?post=4567"}],"curies":[{"name":"wp","href":"https:\/\/api.w.org\/{rel}","templated":true}]}}